{"id":12224,"date":"2020-03-23T09:58:22","date_gmt":"2020-03-23T08:58:22","guid":{"rendered":"http:\/\/www.mv-stroheim.at\/wordpress\/?p=12224"},"modified":"2020-03-23T09:58:26","modified_gmt":"2020-03-23T08:58:26","slug":"coronavirus-ein-appell-der-oesterreichischen-blasmusik","status":"publish","type":"post","link":"http:\/\/www.mv-stroheim.at\/wordpress\/coronavirus-ein-appell-der-oesterreichischen-blasmusik\/","title":{"rendered":"CORONAVIRUS: EIN APPELL DER \u00d6STERREICHISCHEN BLASMUSIK"},"content":{"rendered":"\n<p><\/p>\n\n\n\n<figure class=\"wp-block-image size-large\"><img fetchpriority=\"high\" decoding=\"async\" width=\"943\" height=\"1600\" data-attachment-id=\"12225\" data-permalink=\"http:\/\/www.mv-stroheim.at\/wordpress\/coronavirus-ein-appell-der-oesterreichischen-blasmusik\/appell_oebv_hoch\/\" data-orig-file=\"https:\/\/i0.wp.com\/www.mv-stroheim.at\/wordpress\/wp-content\/uploads\/2020\/03\/Appell_OEBV_Hoch.jpg?fit=943%2C1600\" data-orig-size=\"943,1600\" data-comments-opened=\"0\" data-image-meta=\"{&quot;aperture&quot;:&quot;0&quot;,&quot;credit&quot;:&quot;&quot;,&quot;camera&quot;:&quot;&quot;,&quot;caption&quot;:&quot;&quot;,&quot;created_timestamp&quot;:&quot;1584728216&quot;,&quot;copyright&quot;:&quot;&quot;,&quot;focal_length&quot;:&quot;0&quot;,&quot;iso&quot;:&quot;0&quot;,&quot;shutter_speed&quot;:&quot;0&quot;,&quot;title&quot;:&quot;&quot;,&quot;orientation&quot;:&quot;0&quot;}\" data-image-title=\"Appell_OEBV_Hoch\" data-image-description=\"\" data-image-caption=\"\" data-medium-file=\"https:\/\/i0.wp.com\/www.mv-stroheim.at\/wordpress\/wp-content\/uploads\/2020\/03\/Appell_OEBV_Hoch.jpg?fit=177%2C300\" data-large-file=\"https:\/\/i0.wp.com\/www.mv-stroheim.at\/wordpress\/wp-content\/uploads\/2020\/03\/Appell_OEBV_Hoch.jpg?fit=604%2C1024\" src=\"https:\/\/i0.wp.com\/www.mv-stroheim.at\/wordpress\/wp-content\/uploads\/2020\/03\/Appell_OEBV_Hoch.jpg?fit=604%2C1024\" alt=\"\" class=\"wp-image-12225\" srcset=\"https:\/\/i0.wp.com\/www.mv-stroheim.at\/wordpress\/wp-content\/uploads\/2020\/03\/Appell_OEBV_Hoch.jpg?w=943 943w, https:\/\/i0.wp.com\/www.mv-stroheim.at\/wordpress\/wp-content\/uploads\/2020\/03\/Appell_OEBV_Hoch.jpg?resize=177%2C300 177w, https:\/\/i0.wp.com\/www.mv-stroheim.at\/wordpress\/wp-content\/uploads\/2020\/03\/Appell_OEBV_Hoch.jpg?resize=604%2C1024 604w, https:\/\/i0.wp.com\/www.mv-stroheim.at\/wordpress\/wp-content\/uploads\/2020\/03\/Appell_OEBV_Hoch.jpg?resize=768%2C1303 768w, https:\/\/i0.wp.com\/www.mv-stroheim.at\/wordpress\/wp-content\/uploads\/2020\/03\/Appell_OEBV_Hoch.jpg?resize=905%2C1536 905w\" sizes=\"(max-width: 943px) 100vw, 943px\" \/><\/figure>\n\n\n\n<p> Fotocredit: \u00d6sterreichischer Blasmusikverband <\/p>\n","protected":false},"excerpt":{"rendered":"<p>Fotocredit: \u00d6sterreichischer Blasmusikverband<\/p>\n","protected":false},"author":4,"featured_media":12225,"comment_status":"closed","ping_status":"open","sticky":false,"template":"","format":"standard","meta":{"site-sidebar-layout":"default","site-content-layout":"","ast-site-content-layout":"","site-content-style":"default","site-sidebar-style":"default","ast-global-header-display":"","ast-banner-title-visibility":"","ast-main-header-display":"","ast-hfb-above-header-display":"","ast-hfb-below-header-display":"","ast-hfb-mobile-header-display":"","site-post-title":"","ast-breadcrumbs-content":"","ast-featured-img":"","footer-sml-layout":"","theme-transparent-header-meta":"","adv-header-id-meta":"","stick-header-meta":"","header-above-stick-meta":"","header-main-stick-meta":"","header-below-stick-meta":"","astra-migrate-meta-layouts":"default","ast-page-background-enabled":"default","ast-page-background-meta":{"desktop":{"background-color":"var(--ast-global-color-4)","background-image":"","background-repeat":"repeat","background-position":"center center","background-size":"auto","background-attachment":"scroll","background-type":"","background-media":"","overlay-type":"","overlay-color":"","overlay-gradient":""},"tablet":{"background-color":"","background-image":"","background-repeat":"repeat","background-position":"center center","background-size":"auto","background-attachment":"scroll","background-type":"","background-media":"","overlay-type":"","overlay-color":"","overlay-gradient":""},"mobile":{"background-color":"","background-image":"","background-repeat":"repeat","background-position":"center center","background-size":"auto","background-attachment":"scroll","background-type":"","background-media":"","overlay-type":"","overlay-color":"","overlay-gradient":""}},"ast-content-background-meta":{"desktop":{"background-color":"var(--ast-global-color-5)","background-image":"","background-repeat":"repeat","background-position":"center center","background-size":"auto","background-attachment":"scroll","background-type":"","background-media":"","overlay-type":"","overlay-color":"","overlay-gradient":""},"tablet":{"background-color":"var(--ast-global-color-5)","background-image":"","background-repeat":"repeat","background-position":"center center","background-size":"auto","background-attachment":"scroll","background-type":"","background-media":"","overlay-type":"","overlay-color":"","overlay-gradient":""},"mobile":{"background-color":"var(--ast-global-color-5)","background-image":"","background-repeat":"repeat","background-position":"center center","background-size":"auto","background-attachment":"scroll","background-type":"","background-media":"","overlay-type":"","overlay-color":"","overlay-gradient":""}},"jetpack_post_was_ever_published":false,"_jetpack_newsletter_access":"","_jetpack_dont_email_post_to_subs":false,"_jetpack_newsletter_tier_id":0,"footnotes":"","jetpack_publicize_message":"","jetpack_publicize_feature_enabled":true,"jetpack_social_post_already_shared":true,"jetpack_social_options":{"image_generator_settings":{"template":"highway","enabled":false}}},"categories":[3,1],"tags":[],"jetpack_publicize_connections":[],"jetpack_featured_media_url":"https:\/\/i0.wp.com\/www.mv-stroheim.at\/wordpress\/wp-content\/uploads\/2020\/03\/Appell_OEBV_Hoch.jpg?fit=943%2C1600","jetpack_shortlink":"https:\/\/wp.me\/p4Pxqr-3ba","jetpack_sharing_enabled":true,"jetpack-related-posts":[{"id":12152,"url":"http:\/\/www.mv-stroheim.at\/wordpress\/bezirksjugendlager-in-st-gilgen-am-wolfgangsee\/","url_meta":{"origin":12224,"position":0},"title":"Bezirksjugendlager in St. Gilgen am Wolfgangsee","author":"Resa","date":"29. August 2019","format":false,"excerpt":"Das Bezirksjugendlager Eferding f\u00fchrte heuer wieder nach St. Gilgen am Wolfgangsee. 63 Jungmusikerinnen und Jungmusiker im Alter von 9 bis 16 Jahren und 10 Begleitpersonen konnten f\u00fcr dieses Jugendlager begeistert werden. So stand neben dem Spa\u00dffaktor auch die Probenarbeit und das Einstudieren von Konzert- und Ensemblest\u00fccken im Vordergrund. Das Programm\u2026","rel":"","context":"In &quot;Aktuelles&quot;","block_context":{"text":"Aktuelles","link":"http:\/\/www.mv-stroheim.at\/wordpress\/category\/aktuelles\/"},"img":{"alt_text":"","src":"https:\/\/i0.wp.com\/www.mv-stroheim.at\/wordpress\/wp-content\/uploads\/2019\/08\/csm_IMG20190825WA0039_4d11748e15.jpg?fit=1140%2C855&resize=350%2C200","width":350,"height":200,"srcset":"https:\/\/i0.wp.com\/www.mv-stroheim.at\/wordpress\/wp-content\/uploads\/2019\/08\/csm_IMG20190825WA0039_4d11748e15.jpg?fit=1140%2C855&resize=350%2C200 1x, https:\/\/i0.wp.com\/www.mv-stroheim.at\/wordpress\/wp-content\/uploads\/2019\/08\/csm_IMG20190825WA0039_4d11748e15.jpg?fit=1140%2C855&resize=525%2C300 1.5x, https:\/\/i0.wp.com\/www.mv-stroheim.at\/wordpress\/wp-content\/uploads\/2019\/08\/csm_IMG20190825WA0039_4d11748e15.jpg?fit=1140%2C855&resize=700%2C400 2x, https:\/\/i0.wp.com\/www.mv-stroheim.at\/wordpress\/wp-content\/uploads\/2019\/08\/csm_IMG20190825WA0039_4d11748e15.jpg?fit=1140%2C855&resize=1050%2C600 3x"},"classes":[]},{"id":544,"url":"http:\/\/www.mv-stroheim.at\/wordpress\/sie-mandl-maskenball-2014\/","url_meta":{"origin":12224,"position":1},"title":"Sie-Mandl-Maskenball 2014","author":"Admin","date":"4. M\u00e4rz 2014","format":false,"excerpt":"HIPPIE - Love, Peace & Blasmusik Traditionell am Faschingssamstag veranstaltete der Musikverein Stroheim\u00a0auch heuer wieder den Sie-Mandl-Maskenball\u00a0und zwar unter dem Motto \"HIPPIE - Love, Peace & Blasmusik\". Um 19:30 Uhr er\u00f6ffnete eine b\u00f6hmische Partie den Ball und begr\u00fc\u00dfte die ersten G\u00e4ste . Um 21:00 Uhr \u00fcbernahm die Coverband \"TNT\" die\u2026","rel":"","context":"In &quot;Aktuelles&quot;","block_context":{"text":"Aktuelles","link":"http:\/\/www.mv-stroheim.at\/wordpress\/category\/aktuelles\/"},"img":{"alt_text":"","src":"https:\/\/i0.wp.com\/www.mv-stroheim.at\/wordpress\/wp-content\/uploads\/2014\/03\/Sie-Mandl-Ball_2014.jpg?fit=600%2C849&resize=350%2C200","width":350,"height":200,"srcset":"https:\/\/i0.wp.com\/www.mv-stroheim.at\/wordpress\/wp-content\/uploads\/2014\/03\/Sie-Mandl-Ball_2014.jpg?fit=600%2C849&resize=350%2C200 1x, https:\/\/i0.wp.com\/www.mv-stroheim.at\/wordpress\/wp-content\/uploads\/2014\/03\/Sie-Mandl-Ball_2014.jpg?fit=600%2C849&resize=525%2C300 1.5x"},"classes":[]},{"id":10850,"url":"http:\/\/www.mv-stroheim.at\/wordpress\/ehrungen-beim-fruehjahrskonzert\/","url_meta":{"origin":12224,"position":2},"title":"Ehrungen beim Fr\u00fchjahrskonzert","author":"Resa","date":"30. M\u00e4rz 2017","format":false,"excerpt":"Am 18. und 19.M\u00e4rz 2017 lud der Musikverein zum Fr\u00fchjahrskonzert, welches unter dem Motto \"Heiter bis wolkig - musikalische Wetterkapriolen\" stand, ein! Am Samstag wurde beim Konzert die Gelegenheit gen\u00fctzt, Mitglieder unseres Vereins zu ehren.\u00a0 Markus Wiesinger und Markus W\u00f6\u00df erhielten f\u00fcr 25 Jahre die Verdienstmedaille in Silber des O\u00d6\u2026","rel":"","context":"In &quot;Aktuelles&quot;","block_context":{"text":"Aktuelles","link":"http:\/\/www.mv-stroheim.at\/wordpress\/category\/aktuelles\/"},"img":{"alt_text":"","src":"","width":0,"height":0},"classes":[]},{"id":11572,"url":"http:\/\/www.mv-stroheim.at\/wordpress\/eindruecke-vom-tag-der-offenen-tuer\/","url_meta":{"origin":12224,"position":3},"title":"Eindr\u00fccke vom Tag der offenen T\u00fcr","author":"Paul","date":"19. Februar 2018","format":false,"excerpt":"Besuch der VS Stroheim im Musikheim Am Freitag, den 16.2.2018, besuchten uns am Vormittag die Sch\u00fclerinnen und Sch\u00fcler der Volksschule Stroheim im Musikheim. Einmal im Jahr laden wir unseren Nachbarn, die Volksschule, sehr herzlich ein. Alle vier Klassen kamen f\u00fcr eine Unterrichtseinheit zu uns und lernten die Welt der Instrumente\u2026","rel":"","context":"In &quot;Aktuelles&quot;","block_context":{"text":"Aktuelles","link":"http:\/\/www.mv-stroheim.at\/wordpress\/category\/aktuelles\/"},"img":{"alt_text":"","src":"https:\/\/i0.wp.com\/www.mv-stroheim.at\/wordpress\/wp-content\/uploads\/2018\/02\/DSC_0032.jpg?fit=1200%2C801&resize=350%2C200","width":350,"height":200,"srcset":"https:\/\/i0.wp.com\/www.mv-stroheim.at\/wordpress\/wp-content\/uploads\/2018\/02\/DSC_0032.jpg?fit=1200%2C801&resize=350%2C200 1x, https:\/\/i0.wp.com\/www.mv-stroheim.at\/wordpress\/wp-content\/uploads\/2018\/02\/DSC_0032.jpg?fit=1200%2C801&resize=525%2C300 1.5x, https:\/\/i0.wp.com\/www.mv-stroheim.at\/wordpress\/wp-content\/uploads\/2018\/02\/DSC_0032.jpg?fit=1200%2C801&resize=700%2C400 2x, https:\/\/i0.wp.com\/www.mv-stroheim.at\/wordpress\/wp-content\/uploads\/2018\/02\/DSC_0032.jpg?fit=1200%2C801&resize=1050%2C600 3x"},"classes":[]},{"id":12101,"url":"http:\/\/www.mv-stroheim.at\/wordpress\/vereinstracht-debuetiert-bei-fruehjahrskonzert\/","url_meta":{"origin":12224,"position":4},"title":"Vereinstracht deb\u00fctiert bei Fr\u00fchjahrskonzert","author":"Resa","date":"17. April 2019","format":false,"excerpt":"Im Rahmen des Fr\u00fchjahrskonzertes am 13. und 14. April pr\u00e4sentierte der Musikverein Stroheim seine neue Vereinstracht.\u00a0Bereits 2013 wurde mit der Planung f\u00fcr das neue Kleidungsst\u00fcck begonnen, 2017 wurde das Projekt erstmals der Gemeinde vorgestellt und unter dem Slogan \"Projekt 2019 - der Musikverein kleidet sich neu\" pr\u00e4sentiert. Seither wurde flei\u00dfig\u2026","rel":"","context":"In &quot;Aktuelles&quot;","block_context":{"text":"Aktuelles","link":"http:\/\/www.mv-stroheim.at\/wordpress\/category\/aktuelles\/"},"img":{"alt_text":"","src":"https:\/\/i0.wp.com\/www.mv-stroheim.at\/wordpress\/wp-content\/uploads\/2019\/04\/DSC1599-1.jpg?fit=800%2C534&resize=350%2C200","width":350,"height":200,"srcset":"https:\/\/i0.wp.com\/www.mv-stroheim.at\/wordpress\/wp-content\/uploads\/2019\/04\/DSC1599-1.jpg?fit=800%2C534&resize=350%2C200 1x, https:\/\/i0.wp.com\/www.mv-stroheim.at\/wordpress\/wp-content\/uploads\/2019\/04\/DSC1599-1.jpg?fit=800%2C534&resize=525%2C300 1.5x, https:\/\/i0.wp.com\/www.mv-stroheim.at\/wordpress\/wp-content\/uploads\/2019\/04\/DSC1599-1.jpg?fit=800%2C534&resize=700%2C400 2x"},"classes":[]},{"id":11793,"url":"http:\/\/www.mv-stroheim.at\/wordpress\/audit-of-art-mit-ausgezeichnetem-erfolg-bestanden\/","url_meta":{"origin":12224,"position":5},"title":"Audit of Art mit Ausgezeichnetem Erfolg bestanden","author":"Resa","date":"22. Oktober 2018","format":false,"excerpt":"Unsere Querfl\u00f6tistin Brigitte Wiesinger hat die Abschlusspr\u00fcfung \u201eAudit of Art\u201c des Landesmusikschulwerkes und damit gleichzeitig das goldene Leistungsabzeichen des Blasmusikverbandes mit Ausgezeichnetem Erfolg abgelegt. Sie hat sich am Freitag 19.10.2018 der fachkundigen Jury gestellt, und mit ihrem anspruchsvollen Programm \u00fcberzeugt. Begleitet haben Sie dabei Michaela Deinhamer am Klavier und Lukas\u2026","rel":"","context":"In &quot;Aktuelles&quot;","block_context":{"text":"Aktuelles","link":"http:\/\/www.mv-stroheim.at\/wordpress\/category\/aktuelles\/"},"img":{"alt_text":"","src":"https:\/\/i0.wp.com\/www.mv-stroheim.at\/wordpress\/wp-content\/uploads\/2018\/10\/Gitti.jpg?fit=960%2C720&resize=350%2C200","width":350,"height":200,"srcset":"https:\/\/i0.wp.com\/www.mv-stroheim.at\/wordpress\/wp-content\/uploads\/2018\/10\/Gitti.jpg?fit=960%2C720&resize=350%2C200 1x, https:\/\/i0.wp.com\/www.mv-stroheim.at\/wordpress\/wp-content\/uploads\/2018\/10\/Gitti.jpg?fit=960%2C720&resize=525%2C300 1.5x, https:\/\/i0.wp.com\/www.mv-stroheim.at\/wordpress\/wp-content\/uploads\/2018\/10\/Gitti.jpg?fit=960%2C720&resize=700%2C400 2x"},"classes":[]}],"_links":{"self":[{"href":"http:\/\/www.mv-stroheim.at\/wordpress\/wp-json\/wp\/v2\/posts\/12224"}],"collection":[{"href":"http:\/\/www.mv-stroheim.at\/wordpress\/wp-json\/wp\/v2\/posts"}],"about":[{"href":"http:\/\/www.mv-stroheim.at\/wordpress\/wp-json\/wp\/v2\/types\/post"}],"author":[{"embeddable":true,"href":"http:\/\/www.mv-stroheim.at\/wordpress\/wp-json\/wp\/v2\/users\/4"}],"replies":[{"embeddable":true,"href":"http:\/\/www.mv-stroheim.at\/wordpress\/wp-json\/wp\/v2\/comments?post=12224"}],"version-history":[{"count":1,"href":"http:\/\/www.mv-stroheim.at\/wordpress\/wp-json\/wp\/v2\/posts\/12224\/revisions"}],"predecessor-version":[{"id":12226,"href":"http:\/\/www.mv-stroheim.at\/wordpress\/wp-json\/wp\/v2\/posts\/12224\/revisions\/12226"}],"wp:featuredmedia":[{"embeddable":true,"href":"http:\/\/www.mv-stroheim.at\/wordpress\/wp-json\/wp\/v2\/media\/12225"}],"wp:attachment":[{"href":"http:\/\/www.mv-stroheim.at\/wordpress\/wp-json\/wp\/v2\/media?parent=12224"}],"wp:term":[{"taxonomy":"category","embeddable":true,"href":"http:\/\/www.mv-stroheim.at\/wordpress\/wp-json\/wp\/v2\/categories?post=12224"},{"taxonomy":"post_tag","embeddable":true,"href":"http:\/\/www.mv-stroheim.at\/wordpress\/wp-json\/wp\/v2\/tags?post=12224"}],"curies":[{"name":"wp","href":"https:\/\/api.w.org\/{rel}","templated":true}]}}